{"id":1114,"date":"2017-09-11T17:03:45","date_gmt":"2017-09-11T16:03:45","guid":{"rendered":"http:\/\/mairie-saubens.com\/wdps\/smalin\/?p=1114"},"modified":"2020-10-08T10:34:29","modified_gmt":"2020-10-08T09:34:29","slug":"septembre-2017","status":"publish","type":"post","link":"https:\/\/mairie-saubens.com\/wdps\/smalin\/septembre-2017\/","title":{"rendered":"Septembre 2017"},"content":{"rendered":"<h2><a href=\"http:\/\/mairie-saubens.com\/wdps\/smalin\/wp-content\/uploads\/sites\/7\/2017\/09\/SAUBENS_MALIN_20170901.pdf\"><br \/>\nT\u00e9l\u00e9charger Saubens Malin<\/a><\/h2>\n<p><a href=\"http:\/\/mairie-saubens.com\/wdps\/smalin\/wp-content\/uploads\/sites\/7\/2017\/09\/SAUBENS_MALIN_20170901.pdf\">http:\/\/mairie-saubens.com\/wdps\/smalin\/wp-content\/uploads\/sites\/7\/2017\/09\/SAUBENS_MALIN_20170901.pdf<\/a><\/p>\n<h2><a href=\"http:\/\/mairie-saubens.com\/wdps\/smalin\/wp-content\/uploads\/sites\/7\/2017\/09\/LYME-SANS-FRONTIERES_plaquette_der.jpg\">T\u00e9l\u00e9charger Plaquette Maladie de Lime<\/a><\/h2>\n<p><a href=\"http:\/\/mairie-saubens.com\/wdps\/smalin\/wp-content\/uploads\/sites\/7\/2017\/09\/LYME-SANS-FRONTIERES_plaquette_der.jpg\"><img loading=\"lazy\" decoding=\"async\" class=\"alignnone wp-image-1106\" src=\"http:\/\/mairie-saubens.com\/wdps\/smalin\/wp-content\/uploads\/sites\/7\/2017\/09\/LYME-SANS-FRONTIERES_plaquette_der.jpg\" alt=\"\" width=\"726\" height=\"1011\" srcset=\"https:\/\/mairie-saubens.com\/wdps\/smalin\/wp-content\/uploads\/sites\/7\/2017\/09\/LYME-SANS-FRONTIERES_plaquette_der.jpg 1000w, https:\/\/mairie-saubens.com\/wdps\/smalin\/wp-content\/uploads\/sites\/7\/2017\/09\/LYME-SANS-FRONTIERES_plaquette_der-215x300.jpg 215w, https:\/\/mairie-saubens.com\/wdps\/smalin\/wp-content\/uploads\/sites\/7\/2017\/09\/LYME-SANS-FRONTIERES_plaquette_der-768x1070.jpg 768w, https:\/\/mairie-saubens.com\/wdps\/smalin\/wp-content\/uploads\/sites\/7\/2017\/09\/LYME-SANS-FRONTIERES_plaquette_der-735x1024.jpg 735w\" sizes=\"auto, (max-width: 726px) 100vw, 726px\" \/><\/a><\/p>\n<h3><\/h3>\n<h2><a href=\"http:\/\/mairie-saubens.com\/wdps\/smalin\/wp-content\/uploads\/sites\/7\/2017\/09\/4SOUS_201709_affiche-anglais-rentr\u00e9e-2017.pdf\">T\u00e9l\u00e9charger Cours d&rsquo;Anglais \u00e0 Saubens<\/a><\/h2>\n<p><a href=\"http:\/\/mairie-saubens.com\/wdps\/smalin\/wp-content\/uploads\/sites\/7\/2017\/09\/4SOUS_201709_affiche-anglais-rentr\u00e9e-2017.pdf\">http:\/\/mairie-saubens.com\/wdps\/smalin\/wp-content\/uploads\/sites\/7\/2017\/09\/4SOUS_201709_affiche-anglais-rentr\u00e9e-2017.pdf<\/a><\/p>\n<h2><a href=\"http:\/\/mairie-saubens.com\/wdps\/smalin\/wp-content\/uploads\/sites\/7\/2017\/09\/4SOUS_201709_affiche-anglais-rentr\u00e9e-2017.pdf\">T\u00e9l\u00e9charger AG 4 Sous<\/a><\/h2>\n<p><a href=\"http:\/\/mairie-saubens.com\/wdps\/smalin\/wp-content\/uploads\/sites\/7\/2017\/09\/4SOUS_201709_AG.pdf\">http:\/\/mairie-saubens.com\/wdps\/smalin\/wp-content\/uploads\/sites\/7\/2017\/09\/4SOUS_201709_AG.pdf<\/a><\/p>\n<h2><a href=\"http:\/\/mairie-saubens.com\/wdps\/smalin\/wp-content\/uploads\/sites\/7\/2017\/09\/JOURNEE_PATRIMOINE_2017-V02.pdf\">T\u00e9l\u00e9charger Affiche concert journ\u00e9e du patrimoine<\/a><\/h2>\n<p><a href=\"http:\/\/mairie-saubens.com\/wdps\/smalin\/wp-content\/uploads\/sites\/7\/2017\/09\/JOURNEE_PATRIMOINE_2017-V02.pdf\">http:\/\/mairie-saubens.com\/wdps\/smalin\/wp-content\/uploads\/sites\/7\/2017\/09\/JOURNEE_PATRIMOINE_2017-V02.pdf<\/a><\/p>\n<h2><a href=\"http:\/\/mairie-saubens.com\/wdps\/smalin\/wp-content\/uploads\/sites\/7\/2017\/09\/4SOUS_201709_AFFICHE_V1.pdf[\/embed\">T\u00e9l\u00e9charger affiche pique-nique 4Sous<\/a><\/h2>\n<p><a href=\"http:\/\/mairie-saubens.com\/wdps\/smalin\/wp-content\/uploads\/sites\/7\/2017\/09\/4SOUS_201709_AFFICHE_V1.pdf\">http:\/\/mairie-saubens.com\/wdps\/smalin\/wp-content\/uploads\/sites\/7\/2017\/09\/4SOUS_201709_AFFICHE_V1.pdf<\/a><\/p>\n<h2><a href=\"http:\/\/mairie-saubens.com\/wdps\/smalin\/wp-content\/uploads\/sites\/7\/2017\/09\/LUDOTHEQUE_2017-2018.pdf\">T\u00e9l\u00e9charger plaquette ludoth\u00e8que<\/a><\/h2>\n<p><a href=\"http:\/\/mairie-saubens.com\/wdps\/smalin\/wp-content\/uploads\/sites\/7\/2017\/09\/LUDOTHEQUE_2017-2018.pdf\">http:\/\/mairie-saubens.com\/wdps\/smalin\/wp-content\/uploads\/sites\/7\/2017\/09\/LUDOTHEQUE_2017-2018.pdf<\/a><\/p>\n","protected":false},"excerpt":{"rendered":"","protected":false},"author":2,"featured_media":0,"comment_status":"open","ping_status":"open","sticky":false,"template":"","format":"standard","meta":{"footnotes":""},"categories":[75,1],"tags":[],"class_list":["post-1114","post","type-post","status-publish","format-standard","hentry","category-annee2017","category-non-classe"],"_links":{"self":[{"href":"https:\/\/mairie-saubens.com\/wdps\/smalin\/wp-json\/wp\/v2\/posts\/1114","targetHints":{"allow":["GET"]}}],"collection":[{"href":"https:\/\/mairie-saubens.com\/wdps\/smalin\/wp-json\/wp\/v2\/posts"}],"about":[{"href":"https:\/\/mairie-saubens.com\/wdps\/smalin\/wp-json\/wp\/v2\/types\/post"}],"author":[{"embeddable":true,"href":"https:\/\/mairie-saubens.com\/wdps\/smalin\/wp-json\/wp\/v2\/users\/2"}],"replies":[{"embeddable":true,"href":"https:\/\/mairie-saubens.com\/wdps\/smalin\/wp-json\/wp\/v2\/comments?post=1114"}],"version-history":[{"count":2,"href":"https:\/\/mairie-saubens.com\/wdps\/smalin\/wp-json\/wp\/v2\/posts\/1114\/revisions"}],"predecessor-version":[{"id":1116,"href":"https:\/\/mairie-saubens.com\/wdps\/smalin\/wp-json\/wp\/v2\/posts\/1114\/revisions\/1116"}],"wp:attachment":[{"href":"https:\/\/mairie-saubens.com\/wdps\/smalin\/wp-json\/wp\/v2\/media?parent=1114"}],"wp:term":[{"taxonomy":"category","embeddable":true,"href":"https:\/\/mairie-saubens.com\/wdps\/smalin\/wp-json\/wp\/v2\/categories?post=1114"},{"taxonomy":"post_tag","embeddable":true,"href":"https:\/\/mairie-saubens.com\/wdps\/smalin\/wp-json\/wp\/v2\/tags?post=1114"}],"curies":[{"name":"wp","href":"https:\/\/api.w.org\/{rel}","templated":true}]}}